{"id":2176,"date":"2020-08-01T12:30:32","date_gmt":"2020-08-01T10:30:32","guid":{"rendered":"https:\/\/www.fabrica.us.edu.pl\/?p=2176"},"modified":"2021-11-09T20:49:56","modified_gmt":"2021-11-09T19:49:56","slug":"il-film-dimenticato-su-barbara-radziwillowna-2","status":"publish","type":"post","link":"https:\/\/www.fabrica.us.edu.pl\/?p=2176&lang=it","title":{"rendered":"Il film dimenticato su Barbara Radziwi\u0142\u0142\u00f3wna"},"content":{"rendered":"<section class=\"kc-elm kc-css-334532 kc_row\"><div class=\"kc-row-container  kc-container\"><div class=\"kc-wrap-columns\"><div class=\"kc-elm kc-css-229661 kc_column kc_col-sm-12\"><div class=\"kc-col-container\"><div class=\"kc-elm kc-css-952962 kc_text_block\"><\/p>\n<h2><a role=\"link\" href=\"https:\/\/www.fabrica.us.edu.pl\/?p=1991&amp;lang=it\/#aut_werner\">Monika Werner<\/a><\/h2>\n<p>(W\u0142oski Instytut Kultury w Warszawie)<br \/>E-mail: m.werner.pasniczek[at]gmail.com<br \/><a role=\"link\" href=\"http:\/\/orcid.org\/0000-0001-6009-9856\" target=\"_blank\" rel=\"noopener\">ORCID<\/a>: 0000-0001-6009-9856<br \/><a role=\"link\" href=\"http:\/\/doi.org\/10.31261\/FLPI.2020.02.06\" target=\"_blank\" rel=\"noopener\">DOI<\/a>: 10.31261\/FLPI.2020.02.06<br \/>\u201eFabrica Litterarum Polono-Italica\u201d 2020, nr 1, s. 75-81<\/p>\n<p style=\"text-align: center;\"><strong><a role=\"link\" href=\"https:\/\/www.journals.us.edu.pl\/index.php\/flit\/article\/view\/9597\/7425\" target=\"_blank\" rel=\"noopener\">Scarica l\u2019articolo <\/a><\/strong><br \/><strong><a role=\"link\" href=\"https:\/\/www.journals.us.edu.pl\/index.php\/flit\/issue\/view\/900\/PDF%20ca%C5%82y%20numer%20%7C%20full%20issue\" target=\"_blank\" rel=\"noopener\">Scarica tutto il numero <\/a><br \/>l\u2019articolo e\u2019 disponibile <a href=\"https:\/\/www.fabrica.us.edu.pl\/?p=2164\">in polacco<\/a>.<br \/><\/strong><\/p>\n<p><strong>Abstract<\/strong><\/p>\n<p style=\"text-align: justify;\">L\u2019articolo \u00e8 dedicato al primo film polacco in cui comparve il personaggio di Bona Sforza Barbara Radziwi\u0142\u0142\u00f3wna girato nel 1936 dal noto regista J\u00f3zef Lejtes. Si presentano le circostanze della nascita del film, si accenna all\u2019immagine della regina in esso racchiusa e si rievocano numerosi commenti apparsi nella stampa sia contemporanea che posteriore.<\/p>\n<p>\n<\/div><\/div><\/div><\/div><\/div><\/section>\n","protected":false},"excerpt":{"rendered":"<p>L\u2019articolo \u00e8 dedicato al primo film polacco in cui comparve il personaggio di Bona Sforza Barbara Radziwi\u0142\u0142\u00f3wna girato nel 1936 dal noto regista J\u00f3zef Lejtes. Si presentano le circostanze della nascita del film, si accenna all\u2019immagine della regina in esso racchiusa e si rievocano numerosi commenti apparsi nella stampa sia contemporanea che posteriore.<\/p>\n","protected":false},"author":2,"featured_media":0,"comment_status":"closed","ping_status":"closed","sticky":false,"template":"","format":"standard","meta":{"_acf_changed":false,"footnotes":""},"categories":[530,988,908,912],"tags":[1215,1205,1227,1235,1233,1221],"class_list":["post-2176","post","type-post","status-publish","format-standard","hentry","category-articoli-e-dissertazioni","category-monika-werner-it","category-nr-1-2-2020-it","category-patrimonio-di-bona-sforza","tag-barbara-radziwill-it","tag-bona-sforza","tag-cinematografia-polacca-del-periodo-interbellico","tag-jozef-lejtes","tag-leokadia-pancewicz-it","tag-sigismondo-augusto","clearfix"],"acf":[],"_links":{"self":[{"href":"https:\/\/www.fabrica.us.edu.pl\/index.php?rest_route=\/wp\/v2\/posts\/2176","targetHints":{"allow":["GET"]}}],"collection":[{"href":"https:\/\/www.fabrica.us.edu.pl\/index.php?rest_route=\/wp\/v2\/posts"}],"about":[{"href":"https:\/\/www.fabrica.us.edu.pl\/index.php?rest_route=\/wp\/v2\/types\/post"}],"author":[{"embeddable":true,"href":"https:\/\/www.fabrica.us.edu.pl\/index.php?rest_route=\/wp\/v2\/users\/2"}],"replies":[{"embeddable":true,"href":"https:\/\/www.fabrica.us.edu.pl\/index.php?rest_route=%2Fwp%2Fv2%2Fcomments&post=2176"}],"version-history":[{"count":4,"href":"https:\/\/www.fabrica.us.edu.pl\/index.php?rest_route=\/wp\/v2\/posts\/2176\/revisions"}],"predecessor-version":[{"id":3172,"href":"https:\/\/www.fabrica.us.edu.pl\/index.php?rest_route=\/wp\/v2\/posts\/2176\/revisions\/3172"}],"wp:attachment":[{"href":"https:\/\/www.fabrica.us.edu.pl\/index.php?rest_route=%2Fwp%2Fv2%2Fmedia&parent=2176"}],"wp:term":[{"taxonomy":"category","embeddable":true,"href":"https:\/\/www.fabrica.us.edu.pl\/index.php?rest_route=%2Fwp%2Fv2%2Fcategories&post=2176"},{"taxonomy":"post_tag","embeddable":true,"href":"https:\/\/www.fabrica.us.edu.pl\/index.php?rest_route=%2Fwp%2Fv2%2Ftags&post=2176"}],"curies":[{"name":"wp","href":"https:\/\/api.w.org\/{rel}","templated":true}]}}