{"id":4617,"date":"2025-06-26T18:59:52","date_gmt":"2025-06-26T16:59:52","guid":{"rendered":"https:\/\/www.fabrica.us.edu.pl\/?p=4617"},"modified":"2025-08-04T19:45:11","modified_gmt":"2025-08-04T17:45:11","slug":"non-sono-poche-le-pagine-dedicate-alle-montagne-riflessioni-sullambito-di-studio-dei-mountain-studies","status":"publish","type":"post","link":"https:\/\/www.fabrica.us.edu.pl\/?p=4617&lang=it","title":{"rendered":"Non sono poche le pagine dedicate alle montagne\u2026 Riflessioni sull\u2019ambito di studio dei mountain studies"},"content":{"rendered":"<section class=\"kc-elm kc-css-645811 kc_row\"><div class=\"kc-row-container  kc-container\"><div class=\"kc-wrap-columns\"><div class=\"kc-elm kc-css-123687 kc_column kc_col-sm-12\"><div class=\"kc-col-container\"><div class=\"kc-elm kc-css-632784 kc_text_block\"><\/p>\n<h2><a href=\"https:\/\/www.fabrica.us.edu.pl\/?tag=elzbieta-dutka\">El\u017cbieta Dutka<\/a><\/h2>\n<p>(Uniwersytet \u015al\u0105ski w Katowicach)<br \/>E-mail: elzbieta.dutka[at]us.edu.pl<br \/><a href=\"https:\/\/orcid.org\/0000-0002-5404-2586\" target=\"_blank\" rel=\"noopener noreferrer\">ORCID<\/a>: 0000-0002-5404-2586<br \/><a href=\"https:\/\/doi.org\/10.31261\/FLPI.2025.09.14\" target=\"_blank\" rel=\"noopener noreferrer\">DOI<\/a>: 10.31261\/FLPI.2025.09.14<br \/>\u201eFabrica Litterarum Polono-Italica\u201d 2025, nr 1.<\/p>\n<p style=\"text-align: center;\"><strong><a role=\"link\" href=\"https:\/\/journals.us.edu.pl\/index.php\/flit\/article\/view\/15886\/14711\" target=\"\" rel=\"noopener\">Scarica l\u2019articolo<\/a><\/strong><br \/><strong><a role=\"link\" href=\"https:\/\/journals.us.edu.pl\/index.php\/flit\/issue\/view\/1492\" target=\"\" rel=\"noopener\">Scarica tutto il numero<\/a><\/strong><br \/><strong>l\u2019articolo e\u2019 disponibile <a href=\"https:\/\/www.fabrica.us.edu.pl\/?p=4621&amp;lang=en\">in inglese<\/a>.<\/strong><\/p>\n<div style=\"text-align: right;\">\u00a0<\/div>\n<h3><strong>Abstracts<\/strong><\/h3>\n<div>\n<p>L\u2019articolo presenta una discussione sul tema degli studi sulla montagna. Si distinguono due posizioni, rappresentative degli studi letterari polacchi: Jacek Kolbuszewski e Tomasz St\u0119pie\u0144. Il primo ricercatore prende le distanze dal termine popolare ma impreciso di \u201cletteratura di montagna\u201d. Kolbuszewski sostiene che \u00e8 pi\u00f9 giustificato parlare di un tema, di un motivo della montagna nella letteratura. St\u0119pie\u0144, invece, tenendo conto dello sviluppo degli studi sui media, adotta una definizione ampia, che comprende tutta la letteratura legata alla montagna. I ricercatori sono uniti nella convinzione che sia necessario distinguere la letteratura alpinistica, cio\u00e8 le opere degli alpinisti.<\/p>\n<\/div>\n<p>\n<\/div><\/div><\/div><\/div><\/div><\/section>\n","protected":false},"excerpt":{"rendered":"<p>L\u2019articolo presenta una discussione sul tema degli studi sulla montagna. Si distinguono due posizioni, rappresentative degli studi letterari polacchi: Jacek Kolbuszewski e Tomasz St\u0119pie\u0144. Il primo ricercatore prende le distanze dal termine popolare ma impreciso di \u201cletteratura di montagna\u201d. Kolbuszewski sostiene che \u00e8 pi\u00f9 giustificato parlare di un tema, di un motivo della montagna nella letteratura. St\u0119pie\u0144, invece, tenendo conto dello sviluppo degli studi sui media, adotta una definizione ampia, che comprende tutta la letteratura legata alla montagna. I ricercatori sono uniti nella convinzione che sia necessario distinguere la letteratura alpinistica, cio\u00e8 le opere degli alpinisti.<\/p>\n","protected":false},"author":1,"featured_media":0,"comment_status":"closed","ping_status":"closed","sticky":false,"template":"","format":"standard","meta":{"_acf_changed":false,"footnotes":""},"categories":[530,3791,3629,3631],"tags":[3647,3817,3803,3770,3797,3811],"class_list":["post-4617","post","type-post","status-publish","format-standard","hentry","category-articoli-e-dissertazioni","category-elzbieta-dutka-it","category-nr-1-9-2025-it","category-verso-mountain-studies","tag-elzbieta-dutka-it","tag-jacek-kolbuszewski-it","tag-letteratura-di-arrampicata","tag-letteratura-di-montagna","tag-montagne","tag-tomasz-stepien-it","clearfix"],"acf":[],"_links":{"self":[{"href":"https:\/\/www.fabrica.us.edu.pl\/index.php?rest_route=\/wp\/v2\/posts\/4617","targetHints":{"allow":["GET"]}}],"collection":[{"href":"https:\/\/www.fabrica.us.edu.pl\/index.php?rest_route=\/wp\/v2\/posts"}],"about":[{"href":"https:\/\/www.fabrica.us.edu.pl\/index.php?rest_route=\/wp\/v2\/types\/post"}],"author":[{"embeddable":true,"href":"https:\/\/www.fabrica.us.edu.pl\/index.php?rest_route=\/wp\/v2\/users\/1"}],"replies":[{"embeddable":true,"href":"https:\/\/www.fabrica.us.edu.pl\/index.php?rest_route=%2Fwp%2Fv2%2Fcomments&post=4617"}],"version-history":[{"count":3,"href":"https:\/\/www.fabrica.us.edu.pl\/index.php?rest_route=\/wp\/v2\/posts\/4617\/revisions"}],"predecessor-version":[{"id":4630,"href":"https:\/\/www.fabrica.us.edu.pl\/index.php?rest_route=\/wp\/v2\/posts\/4617\/revisions\/4630"}],"wp:attachment":[{"href":"https:\/\/www.fabrica.us.edu.pl\/index.php?rest_route=%2Fwp%2Fv2%2Fmedia&parent=4617"}],"wp:term":[{"taxonomy":"category","embeddable":true,"href":"https:\/\/www.fabrica.us.edu.pl\/index.php?rest_route=%2Fwp%2Fv2%2Fcategories&post=4617"},{"taxonomy":"post_tag","embeddable":true,"href":"https:\/\/www.fabrica.us.edu.pl\/index.php?rest_route=%2Fwp%2Fv2%2Ftags&post=4617"}],"curies":[{"name":"wp","href":"https:\/\/api.w.org\/{rel}","templated":true}]}}