{"id":558,"date":"2019-11-05T10:05:08","date_gmt":"2019-11-05T09:05:08","guid":{"rendered":"https:\/\/www.fabrica.us.edu.pl\/?p=558"},"modified":"2019-11-06T00:08:55","modified_gmt":"2019-11-05T23:08:55","slug":"autori-nr-1-1-2019","status":"publish","type":"post","link":"https:\/\/www.fabrica.us.edu.pl\/?p=558&lang=it","title":{"rendered":"Autori, nr 1 (1) 2019"},"content":{"rendered":"<section class=\"kc-elm kc-css-825457 kc_row\"><div class=\"kc-row-container  kc-container\"><div class=\"kc-wrap-columns\"><div class=\"kc-elm kc-css-390926 kc_column kc_col-sm-12\"><div class=\"kc-col-container\"><div class=\"kc-elm kc-css-620725 kc_text_block\"><\/p>\n<h2><strong><a id=\"aut_gesina\"><\/a>Tomasz G\u0119sina<\/strong><\/h2>\n<p>Laureato in filologia polacca, dottorando presso la Cattedra di Letterature Comparate e docente presso la Scuola di Lingua e Letteratura Polacca dell\u2019Universit\u00e0 della Slesia. Ha concluso gli studi post laurea abilitanti all\u2019insegnamento della cultura e della lingua polacca agli stranieri. I suoi interessi si concentrano principalmente sulla prosa polacca del XX e XXI secolo, sulla teoria della letteratura (con particolare attenzione alle problematiche riguardanti il concetto di spazio) e sulla glottodidattica applica alla lingua polacca. Autore di diversi articoli pubblicati su riviste accademiche e miscellanee. Co-redattore dei seguenti libri: <em>Przestrze\u0144 \u2013 literatura \u2013 do\u015bwiadczenie. Z inspiracji geopoetyki<\/em> (in collaborazione con Zbigniew Kad\u0142ubek; Katowice 2016) e <em>Kuchnia w j\u0119zyku i kulturze dawniej i dzi\u015b<\/em> (in collaborazione con Wioletta Wilczek; Katowice 2018).<\/p>\n<h2><strong><a id=\"aut_janas\"><\/a>Janina Janas<\/strong><\/h2>\n<p>Ricercatore confermato, professore aggregato dell\u2019Universit\u00e0 degli Studi di Bari \u201cAldo Moro\u201d. Nel 1974 ha cominciato la sua carriera presso l\u2019Universit\u00e0 della Slesia di Katowice, successivamente per 16 anni ha insegnato lingua polacca all\u2019Istituto Universitario l\u2019Orientale di Napoli (attualmente Universit\u00e0 l\u2019Orientale di Napoli), e dal 2002 \u00e8 docente di lingua, letteratura e cultura polacca presso l\u2019Universit\u00e0 degli Studi di Bari \u201cAldo Moro\u201d. All\u2019inizio della sua carriera i suoi interessi si focalizzavano sulla linguistica polacca. Le ricerche e le pubblicazioni successive si concentrano sulle influenze della letteratura italiana nella letteratura polacca, sulla traduttologia e sugli studi traduttivi e sull\u2019autobiografismo. \u00c8 una pioniera in merito alle ricerche riguardanti la vita e le opere di Kazimiera Alberti <a id=\"aut_kaminska\"><\/a>in italiano. Ha pubblicato svariati articoli e monografie, tra cui: <em>La letteratura maccheronica in Polonia<\/em>, <em>Szkice o literaturze i j\u0119zyku polskim<\/em>, <em>Dwie wersje poematu o Orfeuszu \u2013 Marino i Lubomirski.<\/em> <em>Podobie\u0144stwa tekstu a r\u00f3\u017cnice kulturowe<\/em>, <em>Jan Andrzej Morsztyn sommelier barocco<\/em>. \u00c8 il redattore capo della rivista \u201cFabrica Litterarum Polono-Italica\u201d.<\/p>\n<h2><strong>Giulia Kami\u0144ska Di Giannantonio<\/strong><\/h2>\n<p>Si \u00e8 laureata in Studi Slesiani e in Filologia Italiana all\u2019Universit\u00e0 della Slesia di Katowice. Attualmente \u00e8 dottoranda presso il Dipartimento di Letteratura Polacca della medesima Universit\u00e0. I campi di ricerca sui quali maggiormente si focalizza sono: la categoria dello spazio e il problema dell\u2019identit\u00e0 regionale nella letteratura polacca e italiana.<a id=\"aut_krawczyk\"><\/a><\/p>\n<h2><strong>Anna Krawczyk<\/strong><\/h2>\n<p>Filologa polacca, bibliotecaria. Dal 2010 al 2014 \u00e8 stata dottoranda presso la Cattedra di Letterature Comparate dell\u2019Universit\u00e0 della Slesia (Katedra Literatury Por\u00f3wnawczej Uniwersytetu \u015al\u0105skiego). Lavora per delle piattaforme internet (Labib, Superbelfrzy), partecipa al progetto Maestri della Codificazione come allenatrice (tenendo corsi per i bambini, per i ragazzi e per gli adulti a partire da Scratch fino a Java) ed inoltre \u00e8 membro dell\u2019associazione Hackerspace Silesia. \u00c8 impegnata nelle attivit\u00e0 di un gruppo informale di attivisti tecnologici <em>Codifica per la Polonia<\/em> (Koduj dla Polski). Madre di una figlia, ha la passione per la condivisione della conoscenza, per le comunit\u00e0 disperse e per il design thinking.<a id=\"aut_magiera\"><\/a><\/p>\n<h2><strong>Halina Magiera<\/strong><\/h2>\n<p>Dottore in Scienze Umanistiche, laureata presso la Facolt\u00e0 di Filologia dell\u2019Universit\u00e0 della Slesia, professionalmente impegnata con la Scuola Elementare con Indirizzo Sportivo n. 2 J. Fa\u0142at a Bystra. Ha scritto la sua tesi di dottorato sulla vita e sulle opere di Kazimiera Alberti. \u00c8 autrice di diverse pubblicazioni riguardanti le opere e la biografia dell\u2019autrice de <em>Il ghetto condannato<\/em>, per esempio: <em>Od popularno\u015bci do literackiego niebytu<\/em> (\u201eBielsko-\u017bywieckie Studia Teologiczne\u201d. T. 11. Bielsko-Bia\u0142a 2010), <em>Prasa i dokumenty \u017cycia spo\u0142ecznego mi\u0119dzywojnia o sprawach kulturalnych Kazimiery Alberti<\/em> (\u201eStudia Bibliologiczne\u201d. T. 19. Katowice 2011), \u201e<em>\u2026w typie swoim jedyny w Polsce\u201d \u2013 o Witkacym w listach Kazimiery Alberti do Marii Grabowieckiej<\/em> (\u201eWitkacy!\u201d 2018, nr 2).<a id=\"aut_pospiszil\"><\/a><\/p>\n<h2><strong>Karolina Pospiszil<\/strong><\/h2>\n<p>Dottore di ricerca, docente presso la Cattedra di Letterature Comparate dell\u2019Universit\u00e0 della Slesia; studiosa di letteratura di confine e regionale dell\u2019Europa Centrale; tra gli altri suoi campi di interesse vi sono: la geocritica, la geopoetica, il regionalismo, la letteratura delle minoranze culturali, etniche e nazionali e le questioni riguardanti l\u2019identit\u00e0 culturale. Autrice di diversi libri tra i quali <em>Swojsko\u015b\u0107 i utrata. Obrazy G\u00f3rnego \u015al\u0105ska w polskiej i czeskiej literaturze po 1989 roku<\/em> (2016), di articoli pubblicati in raccolte quali: \u201cBohemistyka\u201d, \u201cPostscriptum Polonistyczne\u201d, \u201cStudia Slavica\u201d, \u201cPrzek\u0142ady Literatur S\u0142owia\u0144skich\/Translations of Slavic Literatures\u201d e in miscellanee; co-redattrice di due tomi della serie <em>Polonistyka na pocz\u0105tku XXI wieku. <\/em><em>Diagnozy \u2014 koncepcje \u2014 perspektywy<\/em> (T. 1: <em>Literatura polska i perspektywy nowej humanistyki<\/em>, T. 2: <em>Literatura (i kultura) polska w \u015bwiecie)<\/em> (Katowice 2018), del volume <em>Adaptacje III. Implementacje, konwergencje, dziedziczenie<\/em> (Katowice 2018) e della pubblicazione <em>Bara\u0144czak: Postscriptum<\/em> (Katowice 2016).<a id=\"aut_satalino\"><\/a><\/p>\n<h2><strong>Rosalba Satalino<\/strong><\/h2>\n<p>Dottoranda presso il Dipartimento di Teoria e Storia della Cultura (Zak\u0142ad Teorii i Historii Kultury) presso l\u2019Istituto di Studi sulla Cultura e degli Studi Interdisciplinari (Instytut Nauk o Kulturze i Studi\u00f3w Interdyscyplinarnych) del Dipartimento di Filologia Polacca dell\u2019Universit\u00e0 della Slesia di Katowice, Polonia. Ha terminato gli studi post-laurea per l\u2019insegnamento della Cultura e della Lingua Polacca per gli Stranieri (Podyplomowe Studia Kwalifikacyjne Nauczania Kultury Polskiej i J\u0119zyka Polskiego jako Obcego) presso il dipartimento di Filologia Polacca dell\u2019Universit\u00e0 della Slesia di Katowice, Polonia. Ha conseguito la laurea di primo livello in Culture delle Lingue Moderne e del Turismo presso l\u2019Universit\u00e0 degli Studi di Bari \u201cA. Moro\u201d Italia e successivamente la laurea magistrale in Lingue e Letterature Moderne presso l\u2019Universit\u00e0 degli Studi di Bari \u201cA. Moro\u201d, Italia. Si occupa dell\u2019immagine culturale della provincia e del centro nei testi letterari; si concentra soprattutto sulla cultura della provincia italiana nelle narrazioni letterarie polacche. Partecipa a conferenze accademiche e sull\u2019istruzione. \u00c8 autrice dei seguenti articoli: <em>O nauczaniu literatury polskiej \u2013 wra\u017cenia W\u0142oszek ucz\u0105cych si\u0119 jpjo<\/em> (co-autrice Adriana Loiodice). \u201eKwartalnik Polonicum\u201d 2018, nr 28\/29 e<em> Bari jako obraz w\u0142oskiej prowincji w wybranych tekstach literackich \u2013 z dala od narracji o miejscach centrycznych<\/em> nella monografia <em>Etno-grafie, kulturo-grafie<\/em>. Redatto da K. G\u0119sikowska, K. Kozakowski (Katowice 2018).<a id=\"aut_slawek\"><\/a><\/p>\n<h2><strong>Tadeusz S\u0142awek <\/strong><\/h2>\n<p>Professore di letterature comparate all\u2019Universit\u00e0 della Slesia dal 1971. Rettore della stessa dal 1996 al 2002. Insieme al contrabbassista Bogdan Mizerski, \u00e8 autore e interprete di saggi per voce e contrabbasso. Il suo campo di interesse varia dalla letteratura inglese e americana, alla letteratura comparata fino a questioni di interesse pubblico. Le pubblicazioni pi\u00f9 importanti sono: <em>Maszyna do pisania. O teorii literatury Jacques\u2019a Derridy<\/em> (autore insieme a Tadeusz Rachwa\u0142; Warszawa 1992), <em>Literary voice: the calling of Jonah<\/em> (autore insieme a Donald Wesling; Albany, N.Y. 1995), <em>U-bywa\u0107. Cz\u0142owiek, \u015bwiat, przyja\u017a\u0144 w tw\u00f3rczo\u015bci Williama Blake\u2019a<\/em> (Katowice 2001), <em>Antygona w \u015bwiecie korporacji<\/em> (Katowice 2002), <em>Revelations of Gloucester: Charles Olson, Fitz Hugh Lane and writing of the place<\/em> (Frankfurt a.M. [et al.] 2003), <em>Ujmowa\u0107. Henry David Thoreau i wsp\u00f3lnota \u015bwiata<\/em> (Katowice 2009), <em>NIC-owanie \u015bwiata. Zdania z Szekspira<\/em> (Katowice 2012), <em>U-chodzi\u0107<\/em> (Katowice 2015), <em>Nie bez reszty. O potrzebie niekompletno\u015bci<\/em> (Miko\u0142\u00f3w 2018).<a id=\"aut_spina\"><\/a><\/p>\n<h2><strong>Sara Spina<\/strong><\/h2>\n<p>Laureata in lingue e letterature straniere presso l\u2019Universit\u00e0 degli Studi di Bari Aldo Moro. Le lingue principali durante i suoi studi sono state il polacco e l\u2019arabo. Le sue ricerche si concentrano sul patrimonio culturale della tradizione popolare e delle minoranze linguistiche in Europa orientale e Medio Oriente. Ha frequentato un Master in Storia dell\u2019Islam presso l\u2019Universit\u00e0 di Ankara. Ha insegnato italiano, inglese, latino e arabo presso universit\u00e0 e centri culturali in Turchia. Attualmente lavora come lettrice di italiano per l\u2019Ambasciata di Italia in Sudan. S\u00ec sta occupando della raccolta della tradizione orale della letteratura popolare sudanese con particolare attenzione per le favole.<\/p>\n<p>\n<\/div><\/div><\/div><\/div><\/div><\/section>\n","protected":false},"excerpt":{"rendered":"","protected":false},"author":2,"featured_media":0,"comment_status":"closed","ping_status":"closed","sticky":false,"template":"","format":"standard","meta":{"_acf_changed":false,"footnotes":""},"categories":[99,94,413],"tags":[],"class_list":["post-558","post","type-post","status-publish","format-standard","hentry","category-alberti-sconosciuta","category-autori","category-nr-1-1-2019-it","clearfix"],"acf":[],"_links":{"self":[{"href":"https:\/\/www.fabrica.us.edu.pl\/index.php?rest_route=\/wp\/v2\/posts\/558","targetHints":{"allow":["GET"]}}],"collection":[{"href":"https:\/\/www.fabrica.us.edu.pl\/index.php?rest_route=\/wp\/v2\/posts"}],"about":[{"href":"https:\/\/www.fabrica.us.edu.pl\/index.php?rest_route=\/wp\/v2\/types\/post"}],"author":[{"embeddable":true,"href":"https:\/\/www.fabrica.us.edu.pl\/index.php?rest_route=\/wp\/v2\/users\/2"}],"replies":[{"embeddable":true,"href":"https:\/\/www.fabrica.us.edu.pl\/index.php?rest_route=%2Fwp%2Fv2%2Fcomments&post=558"}],"version-history":[{"count":16,"href":"https:\/\/www.fabrica.us.edu.pl\/index.php?rest_route=\/wp\/v2\/posts\/558\/revisions"}],"predecessor-version":[{"id":1128,"href":"https:\/\/www.fabrica.us.edu.pl\/index.php?rest_route=\/wp\/v2\/posts\/558\/revisions\/1128"}],"wp:attachment":[{"href":"https:\/\/www.fabrica.us.edu.pl\/index.php?rest_route=%2Fwp%2Fv2%2Fmedia&parent=558"}],"wp:term":[{"taxonomy":"category","embeddable":true,"href":"https:\/\/www.fabrica.us.edu.pl\/index.php?rest_route=%2Fwp%2Fv2%2Fcategories&post=558"},{"taxonomy":"post_tag","embeddable":true,"href":"https:\/\/www.fabrica.us.edu.pl\/index.php?rest_route=%2Fwp%2Fv2%2Ftags&post=558"}],"curies":[{"name":"wp","href":"https:\/\/api.w.org\/{rel}","templated":true}]}}